{"id":109,"date":"2023-05-17T00:09:15","date_gmt":"2023-05-17T00:09:15","guid":{"rendered":"https:\/\/ortegaortegaabogados.com.zegendia.com\/wordpress\/?p=109"},"modified":"2024-02-10T14:25:40","modified_gmt":"2024-02-10T14:25:40","slug":"ineficacia-del-grillete-electronico-y-demanda-de-justicia-en-ecuador","status":"publish","type":"post","link":"https:\/\/www.ortegaortegaabogados.com\/index.php\/2023\/05\/17\/ineficacia-del-grillete-electronico-y-demanda-de-justicia-en-ecuador\/","title":{"rendered":"Ineficacia del grillete electr\u00f3nico y demanda de justicia en Ecuador"},"content":{"rendered":"\n<p>El ministro del interior Juan Zapata inform\u00f3 a trav\u00e9s de su cuenta de Twitter que el asamble\u00edsta Peter calo fue capturado la tarde de este lunes en el distrito Eloy Alfaro en el sur de Quito . Calo se quit\u00f3 el grillete electr\u00f3nico por la ma\u00f1ana y el retiro fue confirmado por el servicio de atenci\u00f3n integral a personas adultas privadas de libertad de SNAI. Un tribunal de la Corte Nacional de Justicia revis\u00f3 las medidas sustitutivas y orden\u00f3 la prisi\u00f3n preventiva contra el legislador\u00a0. Ahora ser\u00e1 trasladado a un centro de reclusi\u00f3n .<\/p>\n\n\n\n<p>La Bancada Ecuador, conformada por asamble\u00edstas del oficialismo e independientes, emiti\u00f3 un comunicado exigiendo sanciones inmediatas y establecer sanciones en contra del asamble\u00edsta. Argumentan que las sanciones solo pueden ser a trav\u00e9s del comit\u00e9 de \u00e9tica y que no implicar\u00eda la destituci\u00f3n del cargo. La destituci\u00f3n solo ocurrir\u00e1 con sentencia condenatoria ejecutoriada\u00a0.<\/p>\n\n\n\n<p>Este caso pone sobre la mesa la ineficacia de los grilletes electr\u00f3nicos\u00a0, que seg\u00fan Jorge Luis Ortega se convierten en herramientas para la impunidad. El grillete electr\u00f3nico no brinda garant\u00edas suficientes para garantizar la comparecencia a juicio y el cumplimiento de una condena . Enfrentamos la impunidad debido a que el procesado decide si se presenta o no a juicio. Calo fue detenido en flagrancia el pasado 26 de abril en un Hostal cerca de la asamblea nacional .<\/p>\n\n\n\n<p>Ineficacia del grillete electr\u00f3nico, demanda de justicia, Ecuador, Peter Calo, Bancada Ecuador, Jorge Luis Ortega.<\/p>\n","protected":false},"excerpt":{"rendered":"<p>El ministro del interior Juan Zapata inform\u00f3 a trav\u00e9s de su cuenta de Twitter que el asamble\u00edsta Peter calo fue capturado la tarde de este lunes en el distrito Eloy Alfaro en el sur de Quito . Calo se quit\u00f3 el grillete electr\u00f3nico por la ma\u00f1ana y el retiro fue confirmado por el servicio de [&hellip;]<\/p>\n","protected":false},"author":1,"featured_media":110,"comment_status":"closed","ping_status":"open","sticky":false,"template":"","format":"standard","meta":{"_eb_attr":"","footnotes":""},"categories":[7,8],"tags":[],"_links":{"self":[{"href":"https:\/\/www.ortegaortegaabogados.com\/index.php\/wp-json\/wp\/v2\/posts\/109"}],"collection":[{"href":"https:\/\/www.ortegaortegaabogados.com\/index.php\/wp-json\/wp\/v2\/posts"}],"about":[{"href":"https:\/\/www.ortegaortegaabogados.com\/index.php\/wp-json\/wp\/v2\/types\/post"}],"author":[{"embeddable":true,"href":"https:\/\/www.ortegaortegaabogados.com\/index.php\/wp-json\/wp\/v2\/users\/1"}],"replies":[{"embeddable":true,"href":"https:\/\/www.ortegaortegaabogados.com\/index.php\/wp-json\/wp\/v2\/comments?post=109"}],"version-history":[{"count":1,"href":"https:\/\/www.ortegaortegaabogados.com\/index.php\/wp-json\/wp\/v2\/posts\/109\/revisions"}],"predecessor-version":[{"id":111,"href":"https:\/\/www.ortegaortegaabogados.com\/index.php\/wp-json\/wp\/v2\/posts\/109\/revisions\/111"}],"wp:featuredmedia":[{"embeddable":true,"href":"https:\/\/www.ortegaortegaabogados.com\/index.php\/wp-json\/wp\/v2\/media\/110"}],"wp:attachment":[{"href":"https:\/\/www.ortegaortegaabogados.com\/index.php\/wp-json\/wp\/v2\/media?parent=109"}],"wp:term":[{"taxonomy":"category","embeddable":true,"href":"https:\/\/www.ortegaortegaabogados.com\/index.php\/wp-json\/wp\/v2\/categories?post=109"},{"taxonomy":"post_tag","embeddable":true,"href":"https:\/\/www.ortegaortegaabogados.com\/index.php\/wp-json\/wp\/v2\/tags?post=109"}],"curies":[{"name":"wp","href":"https:\/\/api.w.org\/{rel}","templated":true}]}}