{"id":198,"date":"2022-09-23T00:28:30","date_gmt":"2022-09-23T00:28:30","guid":{"rendered":"http:\/\/632cfb915032bffcc26c8426"},"modified":"2024-02-10T14:29:04","modified_gmt":"2024-02-10T14:29:04","slug":"el-gobierno-de-ecuador-deberia-declarar-en-emergencia-a-la-policia-nacional","status":"publish","type":"post","link":"https:\/\/www.ortegaortegaabogados.com\/index.php\/2022\/09\/23\/el-gobierno-de-ecuador-deberia-declarar-en-emergencia-a-la-policia-nacional\/","title":{"rendered":"El Gobierno de Ecuador deber\u00eda declarar en emergencia a la Polic\u00eda Nacional"},"content":{"rendered":"<blockquote><p><strong>El Gobierno de Ecuador deber\u00eda declarar la emergencia en la Polic\u00eda Nacional e iniciar un proceso de depuraci\u00f3n de ese cuerpo de seguridad, dijo a Sputnik el abogado penalista y exfiscal Jorge Luis Ortega<\/strong><\/p><\/blockquote>\n<p>\u00abEl Gobierno nacional debe declarar en emergencia a la Polic\u00eda Nacional y depurar absolutamente toda la Escuela Superior de Polic\u00eda Gral. Alberto Enr\u00edquez Gallo\u00bb, afirm\u00f3 a la Agencia Sputnik.<\/p>\n<p>Bernal desapareci\u00f3 luego que ingresara a la escuela de polic\u00edas a visitar a su esposo, el teniente Germ\u00e1n C\u00e1ceres, con quien tuvo una discusi\u00f3n en la que se oyeron gritos, golpes y ruidos sin que alguna autoridad superior o cadete diera parte oficial de la situaci\u00f3n.<\/p>\n<p>Su cuerpo fue localizado el 22 de septiembre en un cerro aleda\u00f1o a la Escuela Superior de Polic\u00eda, exactamente 10 d\u00edas despu\u00e9s de haber sido visto por \u00faltima vez.<\/p>\n<blockquote><p>El penalista Ortega se\u00f1al\u00f3 que se debe depurar a muchos polic\u00edas que se encuentran inmersos en procesos administrativos y penales y mostrar cifras a la ciudadan\u00eda de qu\u00e9 pasa o qu\u00e9 respuesta tienen frente a estos procesos estos ciudadanos que han incurrido en infracciones administrativas y penales.<\/p><\/blockquote>\n<hr \/>\n<p>Nota Completa de Sputnik:<\/p>\n<p><a href=\"https:\/\/sputniknews.lat\/20220922\/el-gobierno-de-ecuador-deberia-declarar-en-emergencia-a-la-policia-\" target=\"_self\" rel=\"noopener\"><u>https:\/\/sputniknews.lat\/20220922\/el-gobierno-de-ecuador-deberia-declarar-en-emergencia-a-la-policia-<\/u><\/a><\/p>\n<p>n<\/p>\n","protected":false},"excerpt":{"rendered":"<p>El Gobierno de Ecuador deber\u00eda declarar la emergencia en la Polic\u00eda Nacional e iniciar un proceso de depuraci\u00f3n de ese cuerpo de seguridad, dijo a Sputnik el abogado penalista y exfiscal Jorge Luis Ortega \u00abEl Gobierno nacional debe declarar en emergencia a la Polic\u00eda Nacional y depurar absolutamente toda la Escuela Superior de Polic\u00eda Gral. [&hellip;]<\/p>\n","protected":false},"author":1,"featured_media":227,"comment_status":"closed","ping_status":"open","sticky":false,"template":"","format":"standard","meta":{"_eb_attr":"","footnotes":""},"categories":[7,8],"tags":[],"_links":{"self":[{"href":"https:\/\/www.ortegaortegaabogados.com\/index.php\/wp-json\/wp\/v2\/posts\/198"}],"collection":[{"href":"https:\/\/www.ortegaortegaabogados.com\/index.php\/wp-json\/wp\/v2\/posts"}],"about":[{"href":"https:\/\/www.ortegaortegaabogados.com\/index.php\/wp-json\/wp\/v2\/types\/post"}],"author":[{"embeddable":true,"href":"https:\/\/www.ortegaortegaabogados.com\/index.php\/wp-json\/wp\/v2\/users\/1"}],"replies":[{"embeddable":true,"href":"https:\/\/www.ortegaortegaabogados.com\/index.php\/wp-json\/wp\/v2\/comments?post=198"}],"version-history":[{"count":2,"href":"https:\/\/www.ortegaortegaabogados.com\/index.php\/wp-json\/wp\/v2\/posts\/198\/revisions"}],"predecessor-version":[{"id":269,"href":"https:\/\/www.ortegaortegaabogados.com\/index.php\/wp-json\/wp\/v2\/posts\/198\/revisions\/269"}],"wp:featuredmedia":[{"embeddable":true,"href":"https:\/\/www.ortegaortegaabogados.com\/index.php\/wp-json\/wp\/v2\/media\/227"}],"wp:attachment":[{"href":"https:\/\/www.ortegaortegaabogados.com\/index.php\/wp-json\/wp\/v2\/media?parent=198"}],"wp:term":[{"taxonomy":"category","embeddable":true,"href":"https:\/\/www.ortegaortegaabogados.com\/index.php\/wp-json\/wp\/v2\/categories?post=198"},{"taxonomy":"post_tag","embeddable":true,"href":"https:\/\/www.ortegaortegaabogados.com\/index.php\/wp-json\/wp\/v2\/tags?post=198"}],"curies":[{"name":"wp","href":"https:\/\/api.w.org\/{rel}","templated":true}]}}